{"id":331,"date":"2024-01-22T08:14:20","date_gmt":"2024-01-22T11:14:20","guid":{"rendered":"https:\/\/news.livit.com.br\/?p=331"},"modified":"2024-02-01T15:08:54","modified_gmt":"2024-02-01T18:08:54","slug":"o-poder-do-video-marketing-uma-jornada-pela-conexao-visual","status":"publish","type":"post","link":"https:\/\/news.livit.com.br\/index.php\/2024\/01\/22\/o-poder-do-video-marketing-uma-jornada-pela-conexao-visual\/","title":{"rendered":"O poder do V\u00eddeo Marketing: uma jornada pela conex\u00e3o visual"},"content":{"rendered":"\n<p>O mundo do marketing est\u00e1 em constante evolu\u00e7\u00e3o, e uma das inova\u00e7\u00f5es mais marcantes nas \u00faltimas d\u00e9cadas foi o advento do V\u00eddeo Marketing. \u00c0 medida que a tecnologia avan\u00e7a e as plataformas de m\u00eddia social se proliferam, o v\u00eddeo n\u00e3o \u00e9 mais apenas uma ferramenta opcional: ele se tornou uma necessidade para marcas que buscam envolver, contar hist\u00f3rias e conectar-se emocionalmente com seu p\u00fablico-alvo.<\/p>\n\n\n\n<p>Fique conosco at\u00e9 o final desta leitura e confira os benef\u00edcios desta poderosa estrat\u00e9gia de marketing.<\/p>\n\n\n\n<p><strong>Leia tamb\u00e9m: <\/strong><a href=\"https:\/\/news.livit.com.br\/index.php\/2023\/11\/06\/a-ascensao-do-conteudo-em-video-cativando-audiencias-em-uma-era-visual-2\/\" target=\"_blank\" rel=\"noreferrer noopener\"><strong>A ascens\u00e3o do conte\u00fado em v\u00eddeo &#8211; Cativando audi\u00eancias em uma era visual<\/strong><\/a><\/p>\n\n\n\n<h2 class=\"wp-block-heading has-text-align-center\"><strong>O impacto do v\u00eddeo na era digital<\/strong><\/h2>\n\n\n\n<p>De fato, o v\u00eddeo trouxe uma revolu\u00e7\u00e3o visual ao marketing. De comerciais de televis\u00e3o ao conte\u00fado online, a capacidade deste artif\u00edcio de contar hist\u00f3rias de maneira envolvente \u00e9 inigual\u00e1vel. A combina\u00e7\u00e3o de \u00e1udio e v\u00eddeo cria uma experi\u00eancia mais rica, capturando a aten\u00e7\u00e3o do espectador de maneira \u00fanica.<\/p>\n\n\n\n<p>Nesse sentido, dados impressionantes respaldam o poder do v\u00eddeo. Plataformas populares, como o YouTube, relatam bilh\u00f5es de horas de v\u00eddeos assistidos diariamente. Nas redes sociais, os v\u00eddeos t\u00eam maior alcance e engajamento em compara\u00e7\u00e3o com conte\u00fado est\u00e1tico.<\/p>\n\n\n\n<p>Do mesmo modo, o Google, o mecanismo de busca dominante no mundo, valoriza o uso do v\u00eddeo. P\u00e1ginas com v\u00eddeos t\u00eam probabilidade de classifica\u00e7\u00e3o mais alta nos resultados de pesquisa. Isso destaca a import\u00e2ncia do v\u00eddeo no contexto do SEO e na visibilidade online.<\/p>\n\n\n\n<p>Portanto, se voc\u00ea quer crescer no ambiente virtual, estas cita\u00e7\u00f5es acima valem, e muito, como um caminho interessante a seguir.<\/p>\n\n\n\n<p><strong>N\u00e3o deixe de ler: <\/strong><a href=\"https:\/\/news.livit.com.br\/index.php\/2023\/11\/06\/social-selling-transformando-relacionamentos-em-resultados-no-mundo-digital\/\" target=\"_blank\" rel=\"noreferrer noopener\"><strong>Social Selling &#8211; Transformando relacionamentos em resultados no mundo digital<\/strong><\/a><\/p>\n\n\n\n<h2 class=\"wp-block-heading has-text-align-center\"><strong>4 tipos de v\u00eddeos que cativam audi\u00eancias<\/strong><\/h2>\n\n\n\n<p>Agora, acompanhe 4 formatos de v\u00eddeos que ajudam a alavancar sua audi\u00eancia na web:<\/p>\n\n\n\n<p><strong>1. V\u00eddeos de marca: <\/strong>Os v\u00eddeos de marca contam a hist\u00f3ria da empresa, destacam seus valores e constroem uma conex\u00e3o emocional com o p\u00fablico. Isso cria n\u00e3o apenas consumidores, mas verdadeiros defensores da marca.<\/p>\n\n\n\n<p><strong>2. V\u00eddeos educacionais: <\/strong>O ensino \u00e9 uma forma poderosa de marketing. V\u00eddeos educacionais al\u00e9m de informar os espectadores, tamb\u00e9m estabelecem a marca como uma autoridade em seu setor.<\/p>\n\n\n\n<p><strong>3. Testemunhos e avalia\u00e7\u00f5es: <\/strong>A opini\u00e3o de outros consumidores \u00e9 uma ferramenta persuasiva. V\u00eddeos de depoimentos humanizam a experi\u00eancia do cliente, gerando mais confian\u00e7a e credibilidade.<\/p>\n\n\n\n<p><strong>4. V\u00eddeos interativos: <\/strong>Ferramentas interativas, como enquetes e v\u00eddeos com escolhas incentivam a participa\u00e7\u00e3o ativa. Isso n\u00e3o apenas mant\u00e9m a aten\u00e7\u00e3o do espectador, mas tamb\u00e9m fornece dados valiosos sobre seu p\u00fablico.<\/p>\n\n\n\n<p><strong>Indica\u00e7\u00e3o de leitura: <\/strong><a href=\"https:\/\/news.livit.com.br\/index.php\/2023\/11\/03\/o-poder-transformador-da-inteligencia-artificial-no-marketing\/\" target=\"_blank\" rel=\"noreferrer noopener\"><strong>O poder transformador da Intelig\u00eancia Artificial no marketing<\/strong><\/a><\/p>\n\n\n\n<h2 class=\"wp-block-heading has-text-align-center\"><strong>Os pilares do sucesso no V\u00eddeo Marketing<\/strong><\/h2>\n\n\n\n<p>O conte\u00fado \u00e9 um verdadeiro rei, e no v\u00eddeo marketing isso \u00e9 ainda mais crucial. O conte\u00fado deve ser relevante, envolvente e capaz de prender a aten\u00e7\u00e3o do espectador nos primeiros segundos.<\/p>\n\n\n\n<p>Sendo assim, a qualidade t\u00e9cnica do v\u00eddeo tamb\u00e9m \u00e9 vital. Um \u00e1udio claro, imagens n\u00edtidas e uma produ\u00e7\u00e3o geral de qualidade contribuem para a credibilidade da marca.<\/p>\n\n\n\n<p>Da mesma forma, a consist\u00eancia na publica\u00e7\u00e3o de v\u00eddeos \u00e9 essencial para manter o interesse do p\u00fablico. Al\u00e9m disso, a frequ\u00eancia de publica\u00e7\u00f5es ajuda na visibilidade cont\u00ednua da marca.<\/p>\n\n\n\n<p>Vale destacar que cada plataforma de m\u00eddia social tem suas peculiaridades. V\u00eddeos adaptados a plataformas espec\u00edficas, como o formato vertical para o Instagram, maximizam o alcance e o engajamento.<\/p>\n\n\n\n<p><strong>Voc\u00ea pode se interessar por isso: <\/strong><a href=\"https:\/\/news.livit.com.br\/index.php\/2023\/11\/03\/dominando-a-criatividade-e-a-diversao-o-poder-do-tiktok-no-mundo-digital\/\" target=\"_blank\" rel=\"noreferrer noopener\"><strong>Dominando a criatividade e a divers\u00e3o &#8211; O poder do TikTok no mundo digital<\/strong><\/a><\/p>\n\n\n\n<h2 class=\"wp-block-heading has-text-align-center\"><strong>4 premissas sobre o futuro do V\u00eddeo Marketing<\/strong><\/h2>\n\n\n\n<p>Confira alguns destaques que podem moldar os pr\u00f3ximos passos do V\u00eddeo Marketing:<\/p>\n\n\n\n<p><strong>1. V\u00eddeos ao vivo: <\/strong>A autenticidade do v\u00eddeo ao vivo \u00e9 irresist\u00edvel. Plataformas como Facebook e Instagram t\u00eam recursos robustos de transmiss\u00e3o ao vivo, permitindo que as marcas se conectem em tempo real com seus seguidores.<\/p>\n\n\n\n<p><strong>2. Realidade aumentada e virtual: <\/strong>A realidade aumentada (AR) e a realidade virtual (VR) est\u00e3o se tornando mais acess\u00edveis. Organiza\u00e7\u00f5es que exploram essas tecnologias proporcionam experi\u00eancias \u00fanicas aos consumidores.<\/p>\n\n\n\n<p><strong>3. V\u00eddeos de realidade virtual interativa: <\/strong>A VR interativa est\u00e1 na vanguarda da inova\u00e7\u00e3o. Empresas que criam experi\u00eancias de Virtual Interativa envolventes est\u00e3o \u00e0 frente na cria\u00e7\u00e3o de conex\u00f5es duradouras com os consumidores.<\/p>\n\n\n\n<p><strong>4. V\u00eddeos personalizados: <\/strong>A personaliza\u00e7\u00e3o \u00e9 a chave para o futuro. Ferramentas que permitem a cria\u00e7\u00e3o de v\u00eddeos personalizados, adaptados aos interesses individuais, est\u00e3o se tornando populares.<\/p>\n\n\n\n<p><strong>Dica de leitura: <\/strong><a href=\"https:\/\/news.livit.com.br\/index.php\/2023\/11\/03\/o-poder-dos-microinfluenciadores-estabelecendo-conexoes-autenticas-na-era-digital\/\" target=\"_blank\" rel=\"noreferrer noopener\"><strong>O poder dos microinfluenciadores &#8211; Estabelecendo conex\u00f5es aut\u00eanticas na era digital<\/strong><\/a><\/p>\n\n\n\n<h2 class=\"wp-block-heading has-text-align-center\"><strong>O desafio \u00e9tico do V\u00eddeo Marketing<\/strong><\/h2>\n\n\n\n<p>O v\u00eddeo pode ser uma ferramenta dupla. A linha entre autenticidade e manipula\u00e7\u00e3o \u00e9 t\u00eanue. Por isso, \u00e9 imperativo que as marcas se comprometam com pr\u00e1ticas \u00e9ticas no v\u00eddeo marketing. E com a crescente preocupa\u00e7\u00e3o com a privacidade online, as empresas devem ser transparentes sobre a coleta e uso de dados nos v\u00eddeos.<\/p>\n\n\n\n<h2 class=\"wp-block-heading has-text-align-center\"><strong>E a revolu\u00e7\u00e3o visual continua&#8230;<\/strong><\/h2>\n\n\n\n<p>O V\u00eddeo Marketing n\u00e3o \u00e9 apenas uma estrat\u00e9gia: \u00e9 uma revolu\u00e7\u00e3o visual que molda a maneira como consumimos informa\u00e7\u00f5es e nos conectamos com marcas. Conforme o v\u00eddeo continua evoluindo, as marcas que abra\u00e7am essa forma de express\u00e3o visual est\u00e3o \u00e0 frente da revolu\u00e7\u00e3o digital.<\/p>\n\n\n\n<p>Acima de tudo, o V\u00eddeo Marketing \u00e9 muito mais que contar hist\u00f3rias: \u00e9 sobre criar experi\u00eancias que ressoem com o p\u00fablico, estabelecendo conex\u00f5es emocionais duradouras.<\/p>\n\n\n\n<p>Quer conhecer mais sobre&nbsp;essas e outras estrat\u00e9gias do Marketing Digital? Venha falar com a&nbsp;<a href=\"https:\/\/livit.com.br\/\" target=\"_blank\" rel=\"noreferrer noopener\"><strong>Livit<\/strong><\/a>!<\/p>\n\n\n\n<p>Estamos sempre por dentro de tudo que acontece no mercado.<\/p>\n","protected":false},"excerpt":{"rendered":"<p>O mundo do marketing est\u00e1 em constante evolu\u00e7\u00e3o, e uma das inova\u00e7\u00f5es mais marcantes nas \u00faltimas d\u00e9cadas foi o advento do V\u00eddeo Marketing. \u00c0 medida que a tecnologia avan\u00e7a e as plataformas de m\u00eddia social se proliferam, o v\u00eddeo n\u00e3o \u00e9 mais apenas uma ferramenta opcional: ele se tornou uma necessidade para marcas que buscam [&hellip;]<\/p>\n","protected":false},"author":4,"featured_media":400,"comment_status":"open","ping_status":"open","sticky":false,"template":"","format":"standard","meta":{"footnotes":""},"categories":[1],"tags":[16,6,9,17,15,14],"class_list":["post-331","post","type-post","status-publish","format-standard","has-post-thumbnail","hentry","category-blog","tag-conexao-visual","tag-livit","tag-marketing","tag-midia-social","tag-video","tag-video-marketing"],"yoast_head":"<!-- This site is optimized with the Yoast SEO Premium plugin v21.8 (Yoast SEO v21.8.1) - https:\/\/yoast.com\/wordpress\/plugins\/seo\/ -->\n<title>O poder do V\u00eddeo Marketing: uma jornada pela conex\u00e3o visual<\/title>\n<meta name=\"description\" content=\"O V\u00eddeo Marketing \u00e9 uma ferramenta poderosa e que pode alavancar o alcance digital da sua empresa. Confira como aproveitar!\" \/>\n<meta name=\"robots\" content=\"index, follow, max-snippet:-1, max-image-preview:large, max-video-preview:-1\" \/>\n<link rel=\"canonical\" href=\"https:\/\/news.livit.com.br\/index.php\/2024\/01\/22\/o-poder-do-video-marketing-uma-jornada-pela-conexao-visual\/\" \/>\n<meta property=\"og:locale\" content=\"pt_BR\" \/>\n<meta property=\"og:type\" content=\"article\" \/>\n<meta property=\"og:title\" content=\"O poder do V\u00eddeo Marketing: uma jornada pela conex\u00e3o visual\" \/>\n<meta property=\"og:description\" content=\"O V\u00eddeo Marketing \u00e9 uma ferramenta poderosa e que pode alavancar o alcance digital da sua empresa. Confira como aproveitar!\" \/>\n<meta property=\"og:url\" content=\"https:\/\/news.livit.com.br\/index.php\/2024\/01\/22\/o-poder-do-video-marketing-uma-jornada-pela-conexao-visual\/\" \/>\n<meta property=\"og:site_name\" content=\"Blog Livit\" \/>\n<meta property=\"article:published_time\" content=\"2024-01-22T11:14:20+00:00\" \/>\n<meta property=\"article:modified_time\" content=\"2024-02-01T18:08:54+00:00\" \/>\n<meta property=\"og:image\" content=\"http:\/\/news.livit.com.br\/wp-content\/uploads\/2024\/01\/293d4cc4-3363-49d8-95a2-81f7da86a4ab.jpeg\" \/>\n\t<meta property=\"og:image:width\" content=\"1200\" \/>\n\t<meta property=\"og:image:height\" content=\"627\" \/>\n\t<meta property=\"og:image:type\" content=\"image\/jpeg\" \/>\n<meta name=\"author\" content=\"Jos\u00e9 Martinez\" \/>\n<meta name=\"twitter:card\" content=\"summary_large_image\" \/>\n<meta name=\"twitter:label1\" content=\"Escrito por\" \/>\n\t<meta name=\"twitter:data1\" content=\"Jos\u00e9 Martinez\" \/>\n\t<meta name=\"twitter:label2\" content=\"Est. tempo de leitura\" \/>\n\t<meta name=\"twitter:data2\" content=\"6 minutos\" \/>\n<script type=\"application\/ld+json\" class=\"yoast-schema-graph\">{\"@context\":\"https:\/\/schema.org\",\"@graph\":[{\"@type\":\"Article\",\"@id\":\"https:\/\/news.livit.com.br\/index.php\/2024\/01\/22\/o-poder-do-video-marketing-uma-jornada-pela-conexao-visual\/#article\",\"isPartOf\":{\"@id\":\"https:\/\/news.livit.com.br\/index.php\/2024\/01\/22\/o-poder-do-video-marketing-uma-jornada-pela-conexao-visual\/\"},\"author\":{\"name\":\"Jos\u00e9 Martinez\",\"@id\":\"https:\/\/news.livit.com.br\/#\/schema\/person\/1aef71035df017cc1af84ef70270551a\"},\"headline\":\"O poder do V\u00eddeo Marketing: uma jornada pela conex\u00e3o visual\",\"datePublished\":\"2024-01-22T11:14:20+00:00\",\"dateModified\":\"2024-02-01T18:08:54+00:00\",\"mainEntityOfPage\":{\"@id\":\"https:\/\/news.livit.com.br\/index.php\/2024\/01\/22\/o-poder-do-video-marketing-uma-jornada-pela-conexao-visual\/\"},\"wordCount\":1009,\"commentCount\":0,\"publisher\":{\"@id\":\"https:\/\/news.livit.com.br\/#organization\"},\"keywords\":[\"conex\u00e3o visual\",\"livit\",\"marketing\",\"m\u00eddia social\",\"V\u00eddeo\",\"V\u00eddeo Marketing\"],\"articleSection\":[\"Blog\"],\"inLanguage\":\"pt-BR\",\"potentialAction\":[{\"@type\":\"CommentAction\",\"name\":\"Comment\",\"target\":[\"https:\/\/news.livit.com.br\/index.php\/2024\/01\/22\/o-poder-do-video-marketing-uma-jornada-pela-conexao-visual\/#respond\"]}]},{\"@type\":\"WebPage\",\"@id\":\"https:\/\/news.livit.com.br\/index.php\/2024\/01\/22\/o-poder-do-video-marketing-uma-jornada-pela-conexao-visual\/\",\"url\":\"https:\/\/news.livit.com.br\/index.php\/2024\/01\/22\/o-poder-do-video-marketing-uma-jornada-pela-conexao-visual\/\",\"name\":\"O poder do V\u00eddeo Marketing: uma jornada pela conex\u00e3o visual\",\"isPartOf\":{\"@id\":\"https:\/\/news.livit.com.br\/#website\"},\"datePublished\":\"2024-01-22T11:14:20+00:00\",\"dateModified\":\"2024-02-01T18:08:54+00:00\",\"description\":\"O V\u00eddeo Marketing \u00e9 uma ferramenta poderosa e que pode alavancar o alcance digital da sua empresa. Confira como aproveitar!\",\"breadcrumb\":{\"@id\":\"https:\/\/news.livit.com.br\/index.php\/2024\/01\/22\/o-poder-do-video-marketing-uma-jornada-pela-conexao-visual\/#breadcrumb\"},\"inLanguage\":\"pt-BR\",\"potentialAction\":[{\"@type\":\"ReadAction\",\"target\":[\"https:\/\/news.livit.com.br\/index.php\/2024\/01\/22\/o-poder-do-video-marketing-uma-jornada-pela-conexao-visual\/\"]}]},{\"@type\":\"BreadcrumbList\",\"@id\":\"https:\/\/news.livit.com.br\/index.php\/2024\/01\/22\/o-poder-do-video-marketing-uma-jornada-pela-conexao-visual\/#breadcrumb\",\"itemListElement\":[{\"@type\":\"ListItem\",\"position\":1,\"name\":\"In\u00edcio\",\"item\":\"https:\/\/news.livit.com.br\/\"},{\"@type\":\"ListItem\",\"position\":2,\"name\":\"O poder do V\u00eddeo Marketing: uma jornada pela conex\u00e3o visual\"}]},{\"@type\":\"WebSite\",\"@id\":\"https:\/\/news.livit.com.br\/#website\",\"url\":\"https:\/\/news.livit.com.br\/\",\"name\":\"Blog Livit\",\"description\":\"\",\"publisher\":{\"@id\":\"https:\/\/news.livit.com.br\/#organization\"},\"potentialAction\":[{\"@type\":\"SearchAction\",\"target\":{\"@type\":\"EntryPoint\",\"urlTemplate\":\"https:\/\/news.livit.com.br\/?s={search_term_string}\"},\"query-input\":\"required name=search_term_string\"}],\"inLanguage\":\"pt-BR\"},{\"@type\":\"Organization\",\"@id\":\"https:\/\/news.livit.com.br\/#organization\",\"name\":\"Blog Livit\",\"url\":\"https:\/\/news.livit.com.br\/\",\"logo\":{\"@type\":\"ImageObject\",\"inLanguage\":\"pt-BR\",\"@id\":\"https:\/\/news.livit.com.br\/#\/schema\/logo\/image\/\",\"url\":\"https:\/\/news.livit.com.br\/wp-content\/uploads\/2023\/11\/Vector.png\",\"contentUrl\":\"https:\/\/news.livit.com.br\/wp-content\/uploads\/2023\/11\/Vector.png\",\"width\":183,\"height\":89,\"caption\":\"Blog Livit\"},\"image\":{\"@id\":\"https:\/\/news.livit.com.br\/#\/schema\/logo\/image\/\"}},{\"@type\":\"Person\",\"@id\":\"https:\/\/news.livit.com.br\/#\/schema\/person\/1aef71035df017cc1af84ef70270551a\",\"name\":\"Jos\u00e9 Martinez\",\"image\":{\"@type\":\"ImageObject\",\"inLanguage\":\"pt-BR\",\"@id\":\"https:\/\/news.livit.com.br\/#\/schema\/person\/image\/\",\"url\":\"https:\/\/secure.gravatar.com\/avatar\/3fa8946f587642be82cbf7ec6466e4f688ea520354a1f171a727880038d88c2f?s=96&d=mm&r=g\",\"contentUrl\":\"https:\/\/secure.gravatar.com\/avatar\/3fa8946f587642be82cbf7ec6466e4f688ea520354a1f171a727880038d88c2f?s=96&d=mm&r=g\",\"caption\":\"Jos\u00e9 Martinez\"},\"honorificPrefix\":\"Mr\",\"url\":\"https:\/\/news.livit.com.br\/index.php\/author\/jose\/\"}]}<\/script>\n<!-- \/ Yoast SEO Premium plugin. -->","yoast_head_json":{"title":"O poder do V\u00eddeo Marketing: uma jornada pela conex\u00e3o visual","description":"O V\u00eddeo Marketing \u00e9 uma ferramenta poderosa e que pode alavancar o alcance digital da sua empresa. Confira como aproveitar!","robots":{"index":"index","follow":"follow","max-snippet":"max-snippet:-1","max-image-preview":"max-image-preview:large","max-video-preview":"max-video-preview:-1"},"canonical":"https:\/\/news.livit.com.br\/index.php\/2024\/01\/22\/o-poder-do-video-marketing-uma-jornada-pela-conexao-visual\/","og_locale":"pt_BR","og_type":"article","og_title":"O poder do V\u00eddeo Marketing: uma jornada pela conex\u00e3o visual","og_description":"O V\u00eddeo Marketing \u00e9 uma ferramenta poderosa e que pode alavancar o alcance digital da sua empresa. Confira como aproveitar!","og_url":"https:\/\/news.livit.com.br\/index.php\/2024\/01\/22\/o-poder-do-video-marketing-uma-jornada-pela-conexao-visual\/","og_site_name":"Blog Livit","article_published_time":"2024-01-22T11:14:20+00:00","article_modified_time":"2024-02-01T18:08:54+00:00","og_image":[{"width":1200,"height":627,"url":"http:\/\/news.livit.com.br\/wp-content\/uploads\/2024\/01\/293d4cc4-3363-49d8-95a2-81f7da86a4ab.jpeg","type":"image\/jpeg"}],"author":"Jos\u00e9 Martinez","twitter_card":"summary_large_image","twitter_misc":{"Escrito por":"Jos\u00e9 Martinez","Est. tempo de leitura":"6 minutos"},"schema":{"@context":"https:\/\/schema.org","@graph":[{"@type":"Article","@id":"https:\/\/news.livit.com.br\/index.php\/2024\/01\/22\/o-poder-do-video-marketing-uma-jornada-pela-conexao-visual\/#article","isPartOf":{"@id":"https:\/\/news.livit.com.br\/index.php\/2024\/01\/22\/o-poder-do-video-marketing-uma-jornada-pela-conexao-visual\/"},"author":{"name":"Jos\u00e9 Martinez","@id":"https:\/\/news.livit.com.br\/#\/schema\/person\/1aef71035df017cc1af84ef70270551a"},"headline":"O poder do V\u00eddeo Marketing: uma jornada pela conex\u00e3o visual","datePublished":"2024-01-22T11:14:20+00:00","dateModified":"2024-02-01T18:08:54+00:00","mainEntityOfPage":{"@id":"https:\/\/news.livit.com.br\/index.php\/2024\/01\/22\/o-poder-do-video-marketing-uma-jornada-pela-conexao-visual\/"},"wordCount":1009,"commentCount":0,"publisher":{"@id":"https:\/\/news.livit.com.br\/#organization"},"keywords":["conex\u00e3o visual","livit","marketing","m\u00eddia social","V\u00eddeo","V\u00eddeo Marketing"],"articleSection":["Blog"],"inLanguage":"pt-BR","potentialAction":[{"@type":"CommentAction","name":"Comment","target":["https:\/\/news.livit.com.br\/index.php\/2024\/01\/22\/o-poder-do-video-marketing-uma-jornada-pela-conexao-visual\/#respond"]}]},{"@type":"WebPage","@id":"https:\/\/news.livit.com.br\/index.php\/2024\/01\/22\/o-poder-do-video-marketing-uma-jornada-pela-conexao-visual\/","url":"https:\/\/news.livit.com.br\/index.php\/2024\/01\/22\/o-poder-do-video-marketing-uma-jornada-pela-conexao-visual\/","name":"O poder do V\u00eddeo Marketing: uma jornada pela conex\u00e3o visual","isPartOf":{"@id":"https:\/\/news.livit.com.br\/#website"},"datePublished":"2024-01-22T11:14:20+00:00","dateModified":"2024-02-01T18:08:54+00:00","description":"O V\u00eddeo Marketing \u00e9 uma ferramenta poderosa e que pode alavancar o alcance digital da sua empresa. Confira como aproveitar!","breadcrumb":{"@id":"https:\/\/news.livit.com.br\/index.php\/2024\/01\/22\/o-poder-do-video-marketing-uma-jornada-pela-conexao-visual\/#breadcrumb"},"inLanguage":"pt-BR","potentialAction":[{"@type":"ReadAction","target":["https:\/\/news.livit.com.br\/index.php\/2024\/01\/22\/o-poder-do-video-marketing-uma-jornada-pela-conexao-visual\/"]}]},{"@type":"BreadcrumbList","@id":"https:\/\/news.livit.com.br\/index.php\/2024\/01\/22\/o-poder-do-video-marketing-uma-jornada-pela-conexao-visual\/#breadcrumb","itemListElement":[{"@type":"ListItem","position":1,"name":"In\u00edcio","item":"https:\/\/news.livit.com.br\/"},{"@type":"ListItem","position":2,"name":"O poder do V\u00eddeo Marketing: uma jornada pela conex\u00e3o visual"}]},{"@type":"WebSite","@id":"https:\/\/news.livit.com.br\/#website","url":"https:\/\/news.livit.com.br\/","name":"Blog Livit","description":"","publisher":{"@id":"https:\/\/news.livit.com.br\/#organization"},"potentialAction":[{"@type":"SearchAction","target":{"@type":"EntryPoint","urlTemplate":"https:\/\/news.livit.com.br\/?s={search_term_string}"},"query-input":"required name=search_term_string"}],"inLanguage":"pt-BR"},{"@type":"Organization","@id":"https:\/\/news.livit.com.br\/#organization","name":"Blog Livit","url":"https:\/\/news.livit.com.br\/","logo":{"@type":"ImageObject","inLanguage":"pt-BR","@id":"https:\/\/news.livit.com.br\/#\/schema\/logo\/image\/","url":"https:\/\/news.livit.com.br\/wp-content\/uploads\/2023\/11\/Vector.png","contentUrl":"https:\/\/news.livit.com.br\/wp-content\/uploads\/2023\/11\/Vector.png","width":183,"height":89,"caption":"Blog Livit"},"image":{"@id":"https:\/\/news.livit.com.br\/#\/schema\/logo\/image\/"}},{"@type":"Person","@id":"https:\/\/news.livit.com.br\/#\/schema\/person\/1aef71035df017cc1af84ef70270551a","name":"Jos\u00e9 Martinez","image":{"@type":"ImageObject","inLanguage":"pt-BR","@id":"https:\/\/news.livit.com.br\/#\/schema\/person\/image\/","url":"https:\/\/secure.gravatar.com\/avatar\/3fa8946f587642be82cbf7ec6466e4f688ea520354a1f171a727880038d88c2f?s=96&d=mm&r=g","contentUrl":"https:\/\/secure.gravatar.com\/avatar\/3fa8946f587642be82cbf7ec6466e4f688ea520354a1f171a727880038d88c2f?s=96&d=mm&r=g","caption":"Jos\u00e9 Martinez"},"honorificPrefix":"Mr","url":"https:\/\/news.livit.com.br\/index.php\/author\/jose\/"}]}},"_links":{"self":[{"href":"https:\/\/news.livit.com.br\/index.php\/wp-json\/wp\/v2\/posts\/331","targetHints":{"allow":["GET"]}}],"collection":[{"href":"https:\/\/news.livit.com.br\/index.php\/wp-json\/wp\/v2\/posts"}],"about":[{"href":"https:\/\/news.livit.com.br\/index.php\/wp-json\/wp\/v2\/types\/post"}],"author":[{"embeddable":true,"href":"https:\/\/news.livit.com.br\/index.php\/wp-json\/wp\/v2\/users\/4"}],"replies":[{"embeddable":true,"href":"https:\/\/news.livit.com.br\/index.php\/wp-json\/wp\/v2\/comments?post=331"}],"version-history":[{"count":1,"href":"https:\/\/news.livit.com.br\/index.php\/wp-json\/wp\/v2\/posts\/331\/revisions"}],"predecessor-version":[{"id":332,"href":"https:\/\/news.livit.com.br\/index.php\/wp-json\/wp\/v2\/posts\/331\/revisions\/332"}],"wp:featuredmedia":[{"embeddable":true,"href":"https:\/\/news.livit.com.br\/index.php\/wp-json\/wp\/v2\/media\/400"}],"wp:attachment":[{"href":"https:\/\/news.livit.com.br\/index.php\/wp-json\/wp\/v2\/media?parent=331"}],"wp:term":[{"taxonomy":"category","embeddable":true,"href":"https:\/\/news.livit.com.br\/index.php\/wp-json\/wp\/v2\/categories?post=331"},{"taxonomy":"post_tag","embeddable":true,"href":"https:\/\/news.livit.com.br\/index.php\/wp-json\/wp\/v2\/tags?post=331"}],"curies":[{"name":"wp","href":"https:\/\/api.w.org\/{rel}","templated":true}]}}