{"id":248,"date":"2023-11-06T18:18:25","date_gmt":"2023-11-06T21:18:25","guid":{"rendered":"https:\/\/news.livit.com.br\/?p=248"},"modified":"2024-01-25T09:19:25","modified_gmt":"2024-01-25T12:19:25","slug":"a-ascensao-do-conteudo-em-video-cativando-audiencias-em-uma-era-visual-2","status":"publish","type":"post","link":"https:\/\/news.livit.com.br\/index.php\/2023\/11\/06\/a-ascensao-do-conteudo-em-video-cativando-audiencias-em-uma-era-visual-2\/","title":{"rendered":"A ascens\u00e3o do conte\u00fado em v\u00eddeo: cativando audi\u00eancias em uma era visual"},"content":{"rendered":"\n<p>O mundo digital est\u00e1 em constante evolu\u00e7\u00e3o, e nos \u00faltimos anos, um formato de m\u00eddia tem se destacado de maneira impressionante: o conte\u00fado em v\u00eddeo. Seja para entretenimento, educa\u00e7\u00e3o, marketing ou comunica\u00e7\u00e3o, os v\u00eddeos se tornaram uma ferramenta poderosa para cativar audi\u00eancias e transmitir mensagens de forma eficaz.<\/p>\n\n\n\n<p>Neste artigo, exploraremos a ascens\u00e3o do conte\u00fado em v\u00eddeo, suas vantagens e como as empresas e criadores est\u00e3o aproveitando essa m\u00eddia visual para se destacarem em um ambiente cada vez mais competitivo.<\/p>\n\n\n\n<p>Fique com a Livit!<\/p>\n\n\n\n<h2 class=\"wp-block-heading has-text-align-center\"><strong>A era visual e a prefer\u00eancia dos consumidores<\/strong><\/h2>\n\n\n\n<p>Neste momento, vivemos em uma era visual, onde o poder de uma imagem ou v\u00eddeo muitas vezes supera as palavras. Com o aumento do acesso \u00e0 internet de alta velocidade e dispositivos m\u00f3veis avan\u00e7ados, as pessoas est\u00e3o consumindo mais conte\u00fado em v\u00eddeo como nunca antes visto.<\/p>\n\n\n\n<p>Seja assistindo a v\u00eddeos curtos nas redes sociais ou acompanhando s\u00e9ries inteiras em plataformas de streaming, o conte\u00fado em v\u00eddeo se tornou uma parte essencial da vida moderna.<\/p>\n\n\n\n<p>A seguir, veremos alguns benef\u00edcios deste tipo de m\u00eddia.<\/p>\n\n\n\n<h2 class=\"wp-block-heading has-text-align-center\"><strong>5 vantagens do conte\u00fado em v\u00eddeo<\/strong><\/h2>\n\n\n\n<p>Conforme citamos anteriormente, agora vamos verificar uma s\u00e9rie de 5 pontos positivos que o conte\u00fado em v\u00eddeo pode nos trazer.<\/p>\n\n\n\n<p>Acompanhe:<\/p>\n\n\n\n<ol class=\"wp-block-list\" type=\"1\">\n<li><strong>Engajamento elevado:<\/strong> os v\u00eddeos t\u00eam a capacidade de prender a aten\u00e7\u00e3o das pessoas de uma maneira \u00fanica. A combina\u00e7\u00e3o de \u00e1udio, imagens e movimento cria uma experi\u00eancia envolvente que \u00e9 dif\u00edcil de replicar com outros tipos de conte\u00fado.<\/li>\n\n\n\n<li><strong>Transmiss\u00e3o eficiente de informa\u00e7\u00f5es:<\/strong> de fato, os v\u00eddeos s\u00e3o uma maneira eficaz de transmitir informa\u00e7\u00f5es complexas de modo simples e compreens\u00edvel. Tutoriais, aulas e demonstra\u00e7\u00f5es em v\u00eddeo podem facilitar o entendimento de conceitos mais dif\u00edceis.<\/li>\n\n\n\n<li><strong>Apelo emocional:<\/strong> os v\u00eddeos podem provocar emo\u00e7\u00f5es de um jeito mais direto do que o texto. Uma hist\u00f3ria emocionalmente envolvente pode deixar uma impress\u00e3o duradoura na mente do espectador.<\/li>\n\n\n\n<li><strong>Acessibilidade:<\/strong> a maioria das plataformas e m\u00eddias sociais oferecem suporte a v\u00eddeos, tornando-os acess\u00edveis a uma ampla audi\u00eancia. Al\u00e9m disso, legendas e tradu\u00e7\u00f5es podem aumentar ainda mais a acessibilidade.<\/li>\n\n\n\n<li><strong>Compartilhamento facilitado:<\/strong> os v\u00eddeos s\u00e3o frequentemente compartilhados nas redes sociais, ampliando o alcance do conte\u00fado e permitindo que as mensagens se espalhem rapidamente.<\/li>\n<\/ol>\n\n\n\n<h2 class=\"wp-block-heading has-text-align-center\"><strong>O papel do conte\u00fado em v\u00eddeo no marketing<\/strong><\/h2>\n\n\n\n<p>O marketing foi profundamente influenciado pelo conte\u00fado em v\u00eddeo. As empresas agora t\u00eam a capacidade de criar an\u00fancios criativos, v\u00eddeos informativos e at\u00e9 mesmo s\u00e9ries que n\u00e3o apenas promovem seus produtos ou servi\u00e7os, mas tamb\u00e9m contam hist\u00f3rias e constroem relacionamentos com os clientes.<\/p>\n\n\n\n<p>Nesse sentido, a plataformas de m\u00eddia social, como o YouTube, Instagram e TikTok, entre outras, se tornaram terrenos f\u00e9rteis para campanhas de marketing baseadas em v\u00eddeo, onde a criatividade \u00e9 a chave para capturar a aten\u00e7\u00e3o dos consumidores.<\/p>\n\n\n\n<h2 class=\"wp-block-heading has-text-align-center\"><strong>A evolu\u00e7\u00e3o dos criadores de conte\u00fado<\/strong><\/h2>\n\n\n\n<p>Al\u00e9m das organiza\u00e7\u00f5es, indiv\u00edduos tamb\u00e9m est\u00e3o se tornando criadores de conte\u00fado em v\u00eddeo de sucesso. Plataformas como o YouTube permitiram que pessoas compartilhassem suas paix\u00f5es, conhecimentos e talentos com o mundo.<\/p>\n\n\n\n<p>Desde tutoriais de maquiagem at\u00e9 an\u00e1lises de produtos e v\u00eddeos de com\u00e9dia, os criadores de conte\u00fado em v\u00eddeo podem construir comunidades fi\u00e9is e at\u00e9 mesmo transformar sua paix\u00e3o em uma carreira.<\/p>\n\n\n\n<h2 class=\"wp-block-heading has-text-align-center\"><strong>Conclus\u00e3o<\/strong><\/h2>\n\n\n\n<p>O conte\u00fado em v\u00eddeo est\u00e1 transformando a maneira como nos comunicamos, aprendemos e interagimos com o mundo digital. Sua capacidade de envolver, informar e emocionar o p\u00fablico o torna uma ferramenta indispens\u00e1vel para empresas, criadores de conte\u00fado e indiv\u00edduos em geral.<\/p>\n\n\n\n<p>\u00c0 medida que continuamos navegando por essa era visual, \u00e9 claro que o conte\u00fado em v\u00eddeo continuar\u00e1 a desempenhar um papel central na forma como compartilhamos hist\u00f3rias, transmitimos mensagens e nos conectamos uns com os outros.<\/p>\n\n\n\n<p>Quer conhecer mais sobre&nbsp;<strong>Marketing Digital e suas vertentes?<\/strong>&nbsp;A&nbsp;<a href=\"https:\/\/livit.com.br\/\" target=\"_blank\" rel=\"noreferrer noopener\"><strong>Livit<\/strong><\/a>&nbsp;est\u00e1 sempre por dentro do conhecimento do mercado.<\/p>\n\n\n\n<p>Venha falar com a gente!<\/p>\n","protected":false},"excerpt":{"rendered":"<p>O mundo digital est\u00e1 em constante evolu\u00e7\u00e3o, e nos \u00faltimos anos, um formato de m\u00eddia tem se destacado de maneira impressionante: o conte\u00fado em v\u00eddeo. Seja para entretenimento, educa\u00e7\u00e3o, marketing ou comunica\u00e7\u00e3o, os v\u00eddeos se tornaram uma ferramenta poderosa para cativar audi\u00eancias e transmitir mensagens de forma eficaz. Neste artigo, exploraremos a ascens\u00e3o do conte\u00fado [&hellip;]<\/p>\n","protected":false},"author":4,"featured_media":249,"comment_status":"open","ping_status":"open","sticky":false,"template":"","format":"standard","meta":{"footnotes":""},"categories":[1],"tags":[20,19,6,15],"class_list":["post-248","post","type-post","status-publish","format-standard","has-post-thumbnail","hentry","category-blog","tag-audiencia","tag-conteudo-em-video","tag-livit","tag-video"],"yoast_head":"<!-- This site is optimized with the Yoast SEO Premium plugin v21.8 (Yoast SEO v21.8.1) - https:\/\/yoast.com\/wordpress\/plugins\/seo\/ -->\n<title>A ascens\u00e3o do conte\u00fado em v\u00eddeo: cativando audi\u00eancias<\/title>\n<meta name=\"description\" content=\"O conte\u00fado em v\u00eddeo pode (e deve) ser explorado pelas empresas com a finalidade de aumentar sua presen\u00e7a online. Confira!\" \/>\n<meta name=\"robots\" content=\"index, follow, max-snippet:-1, max-image-preview:large, max-video-preview:-1\" \/>\n<link rel=\"canonical\" href=\"https:\/\/news.livit.com.br\/index.php\/2023\/11\/06\/a-ascensao-do-conteudo-em-video-cativando-audiencias-em-uma-era-visual-2\/\" \/>\n<meta property=\"og:locale\" content=\"pt_BR\" \/>\n<meta property=\"og:type\" content=\"article\" \/>\n<meta property=\"og:title\" content=\"A ascens\u00e3o do conte\u00fado em v\u00eddeo: cativando audi\u00eancias em uma era visual\" \/>\n<meta property=\"og:description\" content=\"O conte\u00fado em v\u00eddeo pode (e deve) ser explorado pelas empresas com a finalidade de aumentar sua presen\u00e7a online. Confira!\" \/>\n<meta property=\"og:url\" content=\"https:\/\/news.livit.com.br\/index.php\/2023\/11\/06\/a-ascensao-do-conteudo-em-video-cativando-audiencias-em-uma-era-visual-2\/\" \/>\n<meta property=\"og:site_name\" content=\"Blog Livit\" \/>\n<meta property=\"article:published_time\" content=\"2023-11-06T21:18:25+00:00\" \/>\n<meta property=\"article:modified_time\" content=\"2024-01-25T12:19:25+00:00\" \/>\n<meta property=\"og:image\" content=\"http:\/\/news.livit.com.br\/wp-content\/uploads\/2023\/11\/Conteudo-em-Video.jpg\" \/>\n\t<meta property=\"og:image:width\" content=\"2500\" \/>\n\t<meta property=\"og:image:height\" content=\"1307\" \/>\n\t<meta property=\"og:image:type\" content=\"image\/jpeg\" \/>\n<meta name=\"author\" content=\"Jos\u00e9 Martinez\" \/>\n<meta name=\"twitter:card\" content=\"summary_large_image\" \/>\n<meta name=\"twitter:label1\" content=\"Escrito por\" \/>\n\t<meta name=\"twitter:data1\" content=\"Jos\u00e9 Martinez\" \/>\n\t<meta name=\"twitter:label2\" content=\"Est. tempo de leitura\" \/>\n\t<meta name=\"twitter:data2\" content=\"4 minutos\" \/>\n<script type=\"application\/ld+json\" class=\"yoast-schema-graph\">{\"@context\":\"https:\/\/schema.org\",\"@graph\":[{\"@type\":\"Article\",\"@id\":\"https:\/\/news.livit.com.br\/index.php\/2023\/11\/06\/a-ascensao-do-conteudo-em-video-cativando-audiencias-em-uma-era-visual-2\/#article\",\"isPartOf\":{\"@id\":\"https:\/\/news.livit.com.br\/index.php\/2023\/11\/06\/a-ascensao-do-conteudo-em-video-cativando-audiencias-em-uma-era-visual-2\/\"},\"author\":{\"name\":\"Jos\u00e9 Martinez\",\"@id\":\"https:\/\/news.livit.com.br\/#\/schema\/person\/1aef71035df017cc1af84ef70270551a\"},\"headline\":\"A ascens\u00e3o do conte\u00fado em v\u00eddeo: cativando audi\u00eancias em uma era visual\",\"datePublished\":\"2023-11-06T21:18:25+00:00\",\"dateModified\":\"2024-01-25T12:19:25+00:00\",\"mainEntityOfPage\":{\"@id\":\"https:\/\/news.livit.com.br\/index.php\/2023\/11\/06\/a-ascensao-do-conteudo-em-video-cativando-audiencias-em-uma-era-visual-2\/\"},\"wordCount\":731,\"commentCount\":0,\"publisher\":{\"@id\":\"https:\/\/news.livit.com.br\/#organization\"},\"keywords\":[\"audi\u00eancia\",\"conte\u00fado em v\u00eddeo\",\"livit\",\"V\u00eddeo\"],\"articleSection\":[\"Blog\"],\"inLanguage\":\"pt-BR\",\"potentialAction\":[{\"@type\":\"CommentAction\",\"name\":\"Comment\",\"target\":[\"https:\/\/news.livit.com.br\/index.php\/2023\/11\/06\/a-ascensao-do-conteudo-em-video-cativando-audiencias-em-uma-era-visual-2\/#respond\"]}]},{\"@type\":\"WebPage\",\"@id\":\"https:\/\/news.livit.com.br\/index.php\/2023\/11\/06\/a-ascensao-do-conteudo-em-video-cativando-audiencias-em-uma-era-visual-2\/\",\"url\":\"https:\/\/news.livit.com.br\/index.php\/2023\/11\/06\/a-ascensao-do-conteudo-em-video-cativando-audiencias-em-uma-era-visual-2\/\",\"name\":\"A ascens\u00e3o do conte\u00fado em v\u00eddeo: cativando audi\u00eancias\",\"isPartOf\":{\"@id\":\"https:\/\/news.livit.com.br\/#website\"},\"datePublished\":\"2023-11-06T21:18:25+00:00\",\"dateModified\":\"2024-01-25T12:19:25+00:00\",\"description\":\"O conte\u00fado em v\u00eddeo pode (e deve) ser explorado pelas empresas com a finalidade de aumentar sua presen\u00e7a online. Confira!\",\"breadcrumb\":{\"@id\":\"https:\/\/news.livit.com.br\/index.php\/2023\/11\/06\/a-ascensao-do-conteudo-em-video-cativando-audiencias-em-uma-era-visual-2\/#breadcrumb\"},\"inLanguage\":\"pt-BR\",\"potentialAction\":[{\"@type\":\"ReadAction\",\"target\":[\"https:\/\/news.livit.com.br\/index.php\/2023\/11\/06\/a-ascensao-do-conteudo-em-video-cativando-audiencias-em-uma-era-visual-2\/\"]}]},{\"@type\":\"BreadcrumbList\",\"@id\":\"https:\/\/news.livit.com.br\/index.php\/2023\/11\/06\/a-ascensao-do-conteudo-em-video-cativando-audiencias-em-uma-era-visual-2\/#breadcrumb\",\"itemListElement\":[{\"@type\":\"ListItem\",\"position\":1,\"name\":\"In\u00edcio\",\"item\":\"https:\/\/news.livit.com.br\/\"},{\"@type\":\"ListItem\",\"position\":2,\"name\":\"A ascens\u00e3o do conte\u00fado em v\u00eddeo: cativando audi\u00eancias em uma era visual\"}]},{\"@type\":\"WebSite\",\"@id\":\"https:\/\/news.livit.com.br\/#website\",\"url\":\"https:\/\/news.livit.com.br\/\",\"name\":\"Blog Livit\",\"description\":\"\",\"publisher\":{\"@id\":\"https:\/\/news.livit.com.br\/#organization\"},\"potentialAction\":[{\"@type\":\"SearchAction\",\"target\":{\"@type\":\"EntryPoint\",\"urlTemplate\":\"https:\/\/news.livit.com.br\/?s={search_term_string}\"},\"query-input\":\"required name=search_term_string\"}],\"inLanguage\":\"pt-BR\"},{\"@type\":\"Organization\",\"@id\":\"https:\/\/news.livit.com.br\/#organization\",\"name\":\"Blog Livit\",\"url\":\"https:\/\/news.livit.com.br\/\",\"logo\":{\"@type\":\"ImageObject\",\"inLanguage\":\"pt-BR\",\"@id\":\"https:\/\/news.livit.com.br\/#\/schema\/logo\/image\/\",\"url\":\"https:\/\/news.livit.com.br\/wp-content\/uploads\/2023\/11\/Vector.png\",\"contentUrl\":\"https:\/\/news.livit.com.br\/wp-content\/uploads\/2023\/11\/Vector.png\",\"width\":183,\"height\":89,\"caption\":\"Blog Livit\"},\"image\":{\"@id\":\"https:\/\/news.livit.com.br\/#\/schema\/logo\/image\/\"}},{\"@type\":\"Person\",\"@id\":\"https:\/\/news.livit.com.br\/#\/schema\/person\/1aef71035df017cc1af84ef70270551a\",\"name\":\"Jos\u00e9 Martinez\",\"image\":{\"@type\":\"ImageObject\",\"inLanguage\":\"pt-BR\",\"@id\":\"https:\/\/news.livit.com.br\/#\/schema\/person\/image\/\",\"url\":\"https:\/\/secure.gravatar.com\/avatar\/3fa8946f587642be82cbf7ec6466e4f688ea520354a1f171a727880038d88c2f?s=96&d=mm&r=g\",\"contentUrl\":\"https:\/\/secure.gravatar.com\/avatar\/3fa8946f587642be82cbf7ec6466e4f688ea520354a1f171a727880038d88c2f?s=96&d=mm&r=g\",\"caption\":\"Jos\u00e9 Martinez\"},\"honorificPrefix\":\"Mr\",\"url\":\"https:\/\/news.livit.com.br\/index.php\/author\/jose\/\"}]}<\/script>\n<!-- \/ Yoast SEO Premium plugin. -->","yoast_head_json":{"title":"A ascens\u00e3o do conte\u00fado em v\u00eddeo: cativando audi\u00eancias","description":"O conte\u00fado em v\u00eddeo pode (e deve) ser explorado pelas empresas com a finalidade de aumentar sua presen\u00e7a online. Confira!","robots":{"index":"index","follow":"follow","max-snippet":"max-snippet:-1","max-image-preview":"max-image-preview:large","max-video-preview":"max-video-preview:-1"},"canonical":"https:\/\/news.livit.com.br\/index.php\/2023\/11\/06\/a-ascensao-do-conteudo-em-video-cativando-audiencias-em-uma-era-visual-2\/","og_locale":"pt_BR","og_type":"article","og_title":"A ascens\u00e3o do conte\u00fado em v\u00eddeo: cativando audi\u00eancias em uma era visual","og_description":"O conte\u00fado em v\u00eddeo pode (e deve) ser explorado pelas empresas com a finalidade de aumentar sua presen\u00e7a online. Confira!","og_url":"https:\/\/news.livit.com.br\/index.php\/2023\/11\/06\/a-ascensao-do-conteudo-em-video-cativando-audiencias-em-uma-era-visual-2\/","og_site_name":"Blog Livit","article_published_time":"2023-11-06T21:18:25+00:00","article_modified_time":"2024-01-25T12:19:25+00:00","og_image":[{"width":2500,"height":1307,"url":"http:\/\/news.livit.com.br\/wp-content\/uploads\/2023\/11\/Conteudo-em-Video.jpg","type":"image\/jpeg"}],"author":"Jos\u00e9 Martinez","twitter_card":"summary_large_image","twitter_misc":{"Escrito por":"Jos\u00e9 Martinez","Est. tempo de leitura":"4 minutos"},"schema":{"@context":"https:\/\/schema.org","@graph":[{"@type":"Article","@id":"https:\/\/news.livit.com.br\/index.php\/2023\/11\/06\/a-ascensao-do-conteudo-em-video-cativando-audiencias-em-uma-era-visual-2\/#article","isPartOf":{"@id":"https:\/\/news.livit.com.br\/index.php\/2023\/11\/06\/a-ascensao-do-conteudo-em-video-cativando-audiencias-em-uma-era-visual-2\/"},"author":{"name":"Jos\u00e9 Martinez","@id":"https:\/\/news.livit.com.br\/#\/schema\/person\/1aef71035df017cc1af84ef70270551a"},"headline":"A ascens\u00e3o do conte\u00fado em v\u00eddeo: cativando audi\u00eancias em uma era visual","datePublished":"2023-11-06T21:18:25+00:00","dateModified":"2024-01-25T12:19:25+00:00","mainEntityOfPage":{"@id":"https:\/\/news.livit.com.br\/index.php\/2023\/11\/06\/a-ascensao-do-conteudo-em-video-cativando-audiencias-em-uma-era-visual-2\/"},"wordCount":731,"commentCount":0,"publisher":{"@id":"https:\/\/news.livit.com.br\/#organization"},"keywords":["audi\u00eancia","conte\u00fado em v\u00eddeo","livit","V\u00eddeo"],"articleSection":["Blog"],"inLanguage":"pt-BR","potentialAction":[{"@type":"CommentAction","name":"Comment","target":["https:\/\/news.livit.com.br\/index.php\/2023\/11\/06\/a-ascensao-do-conteudo-em-video-cativando-audiencias-em-uma-era-visual-2\/#respond"]}]},{"@type":"WebPage","@id":"https:\/\/news.livit.com.br\/index.php\/2023\/11\/06\/a-ascensao-do-conteudo-em-video-cativando-audiencias-em-uma-era-visual-2\/","url":"https:\/\/news.livit.com.br\/index.php\/2023\/11\/06\/a-ascensao-do-conteudo-em-video-cativando-audiencias-em-uma-era-visual-2\/","name":"A ascens\u00e3o do conte\u00fado em v\u00eddeo: cativando audi\u00eancias","isPartOf":{"@id":"https:\/\/news.livit.com.br\/#website"},"datePublished":"2023-11-06T21:18:25+00:00","dateModified":"2024-01-25T12:19:25+00:00","description":"O conte\u00fado em v\u00eddeo pode (e deve) ser explorado pelas empresas com a finalidade de aumentar sua presen\u00e7a online. Confira!","breadcrumb":{"@id":"https:\/\/news.livit.com.br\/index.php\/2023\/11\/06\/a-ascensao-do-conteudo-em-video-cativando-audiencias-em-uma-era-visual-2\/#breadcrumb"},"inLanguage":"pt-BR","potentialAction":[{"@type":"ReadAction","target":["https:\/\/news.livit.com.br\/index.php\/2023\/11\/06\/a-ascensao-do-conteudo-em-video-cativando-audiencias-em-uma-era-visual-2\/"]}]},{"@type":"BreadcrumbList","@id":"https:\/\/news.livit.com.br\/index.php\/2023\/11\/06\/a-ascensao-do-conteudo-em-video-cativando-audiencias-em-uma-era-visual-2\/#breadcrumb","itemListElement":[{"@type":"ListItem","position":1,"name":"In\u00edcio","item":"https:\/\/news.livit.com.br\/"},{"@type":"ListItem","position":2,"name":"A ascens\u00e3o do conte\u00fado em v\u00eddeo: cativando audi\u00eancias em uma era visual"}]},{"@type":"WebSite","@id":"https:\/\/news.livit.com.br\/#website","url":"https:\/\/news.livit.com.br\/","name":"Blog Livit","description":"","publisher":{"@id":"https:\/\/news.livit.com.br\/#organization"},"potentialAction":[{"@type":"SearchAction","target":{"@type":"EntryPoint","urlTemplate":"https:\/\/news.livit.com.br\/?s={search_term_string}"},"query-input":"required name=search_term_string"}],"inLanguage":"pt-BR"},{"@type":"Organization","@id":"https:\/\/news.livit.com.br\/#organization","name":"Blog Livit","url":"https:\/\/news.livit.com.br\/","logo":{"@type":"ImageObject","inLanguage":"pt-BR","@id":"https:\/\/news.livit.com.br\/#\/schema\/logo\/image\/","url":"https:\/\/news.livit.com.br\/wp-content\/uploads\/2023\/11\/Vector.png","contentUrl":"https:\/\/news.livit.com.br\/wp-content\/uploads\/2023\/11\/Vector.png","width":183,"height":89,"caption":"Blog Livit"},"image":{"@id":"https:\/\/news.livit.com.br\/#\/schema\/logo\/image\/"}},{"@type":"Person","@id":"https:\/\/news.livit.com.br\/#\/schema\/person\/1aef71035df017cc1af84ef70270551a","name":"Jos\u00e9 Martinez","image":{"@type":"ImageObject","inLanguage":"pt-BR","@id":"https:\/\/news.livit.com.br\/#\/schema\/person\/image\/","url":"https:\/\/secure.gravatar.com\/avatar\/3fa8946f587642be82cbf7ec6466e4f688ea520354a1f171a727880038d88c2f?s=96&d=mm&r=g","contentUrl":"https:\/\/secure.gravatar.com\/avatar\/3fa8946f587642be82cbf7ec6466e4f688ea520354a1f171a727880038d88c2f?s=96&d=mm&r=g","caption":"Jos\u00e9 Martinez"},"honorificPrefix":"Mr","url":"https:\/\/news.livit.com.br\/index.php\/author\/jose\/"}]}},"_links":{"self":[{"href":"https:\/\/news.livit.com.br\/index.php\/wp-json\/wp\/v2\/posts\/248","targetHints":{"allow":["GET"]}}],"collection":[{"href":"https:\/\/news.livit.com.br\/index.php\/wp-json\/wp\/v2\/posts"}],"about":[{"href":"https:\/\/news.livit.com.br\/index.php\/wp-json\/wp\/v2\/types\/post"}],"author":[{"embeddable":true,"href":"https:\/\/news.livit.com.br\/index.php\/wp-json\/wp\/v2\/users\/4"}],"replies":[{"embeddable":true,"href":"https:\/\/news.livit.com.br\/index.php\/wp-json\/wp\/v2\/comments?post=248"}],"version-history":[{"count":3,"href":"https:\/\/news.livit.com.br\/index.php\/wp-json\/wp\/v2\/posts\/248\/revisions"}],"predecessor-version":[{"id":335,"href":"https:\/\/news.livit.com.br\/index.php\/wp-json\/wp\/v2\/posts\/248\/revisions\/335"}],"wp:featuredmedia":[{"embeddable":true,"href":"https:\/\/news.livit.com.br\/index.php\/wp-json\/wp\/v2\/media\/249"}],"wp:attachment":[{"href":"https:\/\/news.livit.com.br\/index.php\/wp-json\/wp\/v2\/media?parent=248"}],"wp:term":[{"taxonomy":"category","embeddable":true,"href":"https:\/\/news.livit.com.br\/index.php\/wp-json\/wp\/v2\/categories?post=248"},{"taxonomy":"post_tag","embeddable":true,"href":"https:\/\/news.livit.com.br\/index.php\/wp-json\/wp\/v2\/tags?post=248"}],"curies":[{"name":"wp","href":"https:\/\/api.w.org\/{rel}","templated":true}]}}